{"id":193,"date":"2024-05-06T10:59:56","date_gmt":"2024-05-06T08:59:56","guid":{"rendered":"https:\/\/marschparadies.de\/?p=193"},"modified":"2024-05-06T10:59:56","modified_gmt":"2024-05-06T08:59:56","slug":"die-erste-ernte-steht-an","status":"publish","type":"post","link":"https:\/\/marschparadies.de\/?p=193","title":{"rendered":"Die erste Ernte steht an"},"content":{"rendered":"\n<p>Eine Woche lang sommerliche Temperaturen haben ordentlich Schwung in das Marschparadies gebracht. An mancher Stelle sogar etwas zu viel. Der Pak Choi ist in Saat geschossen und muss nun schon fr\u00fcher geerntet werden als angenommen. Auch der Rucola Salat und die Radieschen sind erntereif und somit m\u00fcssen wir die Erntesaison schon in Kalenderwoche 19 einl\u00e4uten.<\/p>\n\n\n\n<div class=\"wp-block-columns is-layout-flex wp-container-core-columns-is-layout-9d6595d7 wp-block-columns-is-layout-flex\">\n<div class=\"wp-block-column is-layout-flow wp-block-column-is-layout-flow\">\n<figure class=\"wp-block-image size-large\"><img loading=\"lazy\" decoding=\"async\" width=\"768\" height=\"1024\" src=\"https:\/\/marschparadies.de\/wp-content\/uploads\/2024\/05\/img_0032-1-768x1024.jpg\" alt=\"\" class=\"wp-image-190\" srcset=\"https:\/\/marschparadies.de\/wp-content\/uploads\/2024\/05\/img_0032-1-768x1024.jpg 768w, https:\/\/marschparadies.de\/wp-content\/uploads\/2024\/05\/img_0032-1-225x300.jpg 225w, https:\/\/marschparadies.de\/wp-content\/uploads\/2024\/05\/img_0032-1-1152x1536.jpg 1152w, https:\/\/marschparadies.de\/wp-content\/uploads\/2024\/05\/img_0032-1-676x901.jpg 676w, https:\/\/marschparadies.de\/wp-content\/uploads\/2024\/05\/img_0032-1.jpg 1500w\" sizes=\"auto, (max-width: 768px) 100vw, 768px\" \/><\/figure>\n<\/div>\n\n\n\n<div class=\"wp-block-column is-layout-flow wp-block-column-is-layout-flow\">\n<figure class=\"wp-block-image size-large\"><img loading=\"lazy\" decoding=\"async\" width=\"768\" height=\"1024\" src=\"https:\/\/marschparadies.de\/wp-content\/uploads\/2024\/05\/img_0030-1-768x1024.jpg\" alt=\"\" class=\"wp-image-189\" srcset=\"https:\/\/marschparadies.de\/wp-content\/uploads\/2024\/05\/img_0030-1-768x1024.jpg 768w, https:\/\/marschparadies.de\/wp-content\/uploads\/2024\/05\/img_0030-1-225x300.jpg 225w, https:\/\/marschparadies.de\/wp-content\/uploads\/2024\/05\/img_0030-1-1152x1536.jpg 1152w, https:\/\/marschparadies.de\/wp-content\/uploads\/2024\/05\/img_0030-1-676x901.jpg 676w, https:\/\/marschparadies.de\/wp-content\/uploads\/2024\/05\/img_0030-1.jpg 1500w\" sizes=\"auto, (max-width: 768px) 100vw, 768px\" \/><\/figure>\n<\/div>\n<\/div>\n\n\n\n<p>Die allererste Frucht unserer Arbeit, durfte unser Lieblingslandwirt testen. Ein Testbund Radieschen habe ich auch schon geerntet, bevor es am Mittwoch erstmalig richtig losgeht. Das B\u00fcndeln bedarf noch etwas \u00dcbung.<\/p>\n\n\n\n<div class=\"wp-block-columns is-layout-flex wp-container-core-columns-is-layout-9d6595d7 wp-block-columns-is-layout-flex\">\n<div class=\"wp-block-column is-layout-flow wp-block-column-is-layout-flow\">\n<figure class=\"wp-block-image size-large\"><img loading=\"lazy\" decoding=\"async\" width=\"768\" height=\"1024\" src=\"https:\/\/marschparadies.de\/wp-content\/uploads\/2024\/05\/img_3460-1-768x1024.jpg\" alt=\"\" class=\"wp-image-185\" srcset=\"https:\/\/marschparadies.de\/wp-content\/uploads\/2024\/05\/img_3460-1-768x1024.jpg 768w, https:\/\/marschparadies.de\/wp-content\/uploads\/2024\/05\/img_3460-1-225x300.jpg 225w, https:\/\/marschparadies.de\/wp-content\/uploads\/2024\/05\/img_3460-1-1152x1536.jpg 1152w, https:\/\/marschparadies.de\/wp-content\/uploads\/2024\/05\/img_3460-1-676x901.jpg 676w, https:\/\/marschparadies.de\/wp-content\/uploads\/2024\/05\/img_3460-1.jpg 1500w\" sizes=\"auto, (max-width: 768px) 100vw, 768px\" \/><\/figure>\n<\/div>\n\n\n\n<div class=\"wp-block-column is-layout-flow wp-block-column-is-layout-flow\">\n<figure class=\"wp-block-image size-large\"><img loading=\"lazy\" decoding=\"async\" width=\"768\" height=\"1024\" src=\"https:\/\/marschparadies.de\/wp-content\/uploads\/2024\/05\/img_3472-1-768x1024.jpg\" alt=\"\" class=\"wp-image-186\" srcset=\"https:\/\/marschparadies.de\/wp-content\/uploads\/2024\/05\/img_3472-1-768x1024.jpg 768w, https:\/\/marschparadies.de\/wp-content\/uploads\/2024\/05\/img_3472-1-225x300.jpg 225w, https:\/\/marschparadies.de\/wp-content\/uploads\/2024\/05\/img_3472-1-1152x1536.jpg 1152w, https:\/\/marschparadies.de\/wp-content\/uploads\/2024\/05\/img_3472-1-676x901.jpg 676w, https:\/\/marschparadies.de\/wp-content\/uploads\/2024\/05\/img_3472-1.jpg 1500w\" sizes=\"auto, (max-width: 768px) 100vw, 768px\" \/><\/figure>\n<\/div>\n<\/div>\n\n\n\n<p>Jetzt wo der Fr\u00fchling endg\u00fcltig da ist und (laut Wettervorhersage) die kalten N\u00e4chte auch vorbei sind, macht die Arbeit im Garten nochmal mehr Freude. <\/p>\n","protected":false},"excerpt":{"rendered":"<p>Eine Woche lang sommerliche Temperaturen haben ordentlich Schwung in das Marschparadies gebracht. An mancher Stelle sogar etwas zu viel. Der Pak Choi ist in Saat geschossen und muss nun schon fr\u00fcher geerntet werden als angenommen. Auch der Rucola Salat und die Radieschen sind erntereif und somit m\u00fcssen wir die Erntesaison schon in Kalenderwoche 19 einl\u00e4uten. [&hellip;]<\/p>\n","protected":false},"author":1,"featured_media":188,"comment_status":"closed","ping_status":"","sticky":false,"template":"","format":"standard","meta":{"footnotes":"","_share_on_mastodon":"1"},"categories":[1],"tags":[],"class_list":["post-193","post","type-post","status-publish","format-standard","has-post-thumbnail","hentry","category-allgemein","post-preview"],"share_on_mastodon":{"url":"https:\/\/norden.social\/@falkhaltig\/112393345091316528","error":""},"_links":{"self":[{"href":"https:\/\/marschparadies.de\/index.php?rest_route=\/wp\/v2\/posts\/193","targetHints":{"allow":["GET"]}}],"collection":[{"href":"https:\/\/marschparadies.de\/index.php?rest_route=\/wp\/v2\/posts"}],"about":[{"href":"https:\/\/marschparadies.de\/index.php?rest_route=\/wp\/v2\/types\/post"}],"author":[{"embeddable":true,"href":"https:\/\/marschparadies.de\/index.php?rest_route=\/wp\/v2\/users\/1"}],"replies":[{"embeddable":true,"href":"https:\/\/marschparadies.de\/index.php?rest_route=%2Fwp%2Fv2%2Fcomments&post=193"}],"version-history":[{"count":2,"href":"https:\/\/marschparadies.de\/index.php?rest_route=\/wp\/v2\/posts\/193\/revisions"}],"predecessor-version":[{"id":195,"href":"https:\/\/marschparadies.de\/index.php?rest_route=\/wp\/v2\/posts\/193\/revisions\/195"}],"wp:featuredmedia":[{"embeddable":true,"href":"https:\/\/marschparadies.de\/index.php?rest_route=\/wp\/v2\/media\/188"}],"wp:attachment":[{"href":"https:\/\/marschparadies.de\/index.php?rest_route=%2Fwp%2Fv2%2Fmedia&parent=193"}],"wp:term":[{"taxonomy":"category","embeddable":true,"href":"https:\/\/marschparadies.de\/index.php?rest_route=%2Fwp%2Fv2%2Fcategories&post=193"},{"taxonomy":"post_tag","embeddable":true,"href":"https:\/\/marschparadies.de\/index.php?rest_route=%2Fwp%2Fv2%2Ftags&post=193"}],"curies":[{"name":"wp","href":"https:\/\/api.w.org\/{rel}","templated":true}]}}